{"totalCount":17,"payload":"\n    \n        \n        \n    \n\n    \n\n    \n\n    \u003Cdiv class=\u0022table__row qa-activities-row\u0022\u003E\n\n        \u003Cdiv class=\u0022table__cell\u0022\u003E\n            \u003Cdiv class=\u0022user flag flag--top\u0022\u003E\n                \u003Cdiv class=\u0022flag__image\u0022\u003E\n                    \u003Cdiv class=\u0022avatar avatar--L\u0022\u003E\n                        \u003Ca href=\u0022https:\/\/community.tre.se\/members\/sadeq-ubi66-10733\u0022 class=\u0022qa-profilepicture\u0022\u003E\n                            \u003Cdiv class=\u0022profilepicture\u0022\u003E\n                                                                    \u003Cimg src=\u0022https:\/\/uploads-eu-west-1.insided.com\/three-se\/icon\/200x200\/2802ccdc-48ee-4c88-8b97-640adf653ae2.png\u0022 alt=\u0022Sadeq_ubi66\u0022\u003E\n                                                            \u003C\/div\u003E\n                                                    \u003C\/a\u003E\n                    \u003C\/div\u003E\n                \u003C\/div\u003E\n\n                \u003Cdiv class=\u0022user_data flag__body\u0022\u003E\n                    \u003Cdiv class=\u0022user_meta\u0022\u003E\n                                                                \u003Ca href=\u0022https:\/\/community.tre.se\/members\/sadeq-ubi66-10733\u0022 class=\u0022username link link--quiet qa-username\u0022 title=\u0022Sadeq_ubi66\u0022\u003E\n                    Sadeq_ubi66\n                \u003C\/a\u003E\n                \u003Cspan class=\u0022useraction\u0022\u003Ehar l\u00e4mnat ett svar\u003C\/span\u003E\n            \n        \n                        \u003Cspan class=\u0022text--meta\u0022\u003E\n                            \n\n\n\u003Ctime class=\u0022  qa-latest-post-time\u0022 datetime=\u00222021-03-11\u0022\u003E\n    f\u00f6r 5 \u00e5r sedan\n\u003C\/time\u003E\n\n                        \u003C\/span\u003E\n                    \u003C\/div\u003E\n\n                                \u003Ch4\u003E\n                \u003Ca class=\u0022link--header thread-list-block__title\u0022 href=\u0022https:\/\/community.tre.se\/questions\/8462\/replies\/15472\u0022\u003E\n                    Hur \u00e4ndrar jag surfm\u00e4ngd?\n                \u003C\/a\u003E\n            \u003C\/h4\u003E\n             \u003Ca class=\u0022link link--underline\u0022 href=\u0022https:\/\/community.tre.se\/questions\/8462\/replies\/15472\u0022\u003E\n                 Visa svar\n             \u003C\/a\u003E\n        \n                \u003C\/div\u003E\n            \u003C\/div\u003E\n        \u003C\/div\u003E\n\n    \u003C\/div\u003E\n\n\n    \n        \n        \n    \n\n    \n\n    \n\n    \u003Cdiv class=\u0022table__row qa-activities-row\u0022\u003E\n\n        \u003Cdiv class=\u0022table__cell\u0022\u003E\n            \u003Cdiv class=\u0022user flag flag--top\u0022\u003E\n                \u003Cdiv class=\u0022flag__image\u0022\u003E\n                    \u003Cdiv class=\u0022avatar avatar--L\u0022\u003E\n                        \u003Ca href=\u0022https:\/\/community.tre.se\/members\/sadeq-ubi66-10733\u0022 class=\u0022qa-profilepicture\u0022\u003E\n                            \u003Cdiv class=\u0022profilepicture\u0022\u003E\n                                                                    \u003Cimg src=\u0022https:\/\/uploads-eu-west-1.insided.com\/three-se\/icon\/200x200\/2802ccdc-48ee-4c88-8b97-640adf653ae2.png\u0022 alt=\u0022Sadeq_ubi66\u0022\u003E\n                                                            \u003C\/div\u003E\n                                                    \u003C\/a\u003E\n                    \u003C\/div\u003E\n                \u003C\/div\u003E\n\n                \u003Cdiv class=\u0022user_data flag__body\u0022\u003E\n                    \u003Cdiv class=\u0022user_meta\u0022\u003E\n                                                                \u003Ca href=\u0022https:\/\/community.tre.se\/members\/sadeq-ubi66-10733\u0022 class=\u0022username link link--quiet qa-username\u0022 title=\u0022Sadeq_ubi66\u0022\u003E\n                    Sadeq_ubi66\n                \u003C\/a\u003E\n                \u003Cspan class=\u0022useraction\u0022\u003Ehar l\u00e4mnat ett svar\u003C\/span\u003E\n            \n        \n                        \u003Cspan class=\u0022text--meta\u0022\u003E\n                            \n\n\n\u003Ctime class=\u0022  qa-latest-post-time\u0022 datetime=\u00222021-01-18\u0022\u003E\n    f\u00f6r 5 \u00e5r sedan\n\u003C\/time\u003E\n\n                        \u003C\/span\u003E\n                    \u003C\/div\u003E\n\n                                \u003Ch4\u003E\n                \u003Ca class=\u0022link--header thread-list-block__title\u0022 href=\u0022https:\/\/community.tre.se\/questions\/8407\/replies\/15295\u0022\u003E\n                    Vidarekoppla mellan tv\u00e5 SIM-kort\n                \u003C\/a\u003E\n            \u003C\/h4\u003E\n             \u003Ca class=\u0022link link--underline\u0022 href=\u0022https:\/\/community.tre.se\/questions\/8407\/replies\/15295\u0022\u003E\n                 Visa svar\n             \u003C\/a\u003E\n        \n                \u003C\/div\u003E\n            \u003C\/div\u003E\n        \u003C\/div\u003E\n\n    \u003C\/div\u003E\n\n\n    \n        \n        \n    \n\n    \n\n    \n\n    \u003Cdiv class=\u0022table__row qa-activities-row\u0022\u003E\n\n        \u003Cdiv class=\u0022table__cell\u0022\u003E\n            \u003Cdiv class=\u0022user flag flag--top\u0022\u003E\n                \u003Cdiv class=\u0022flag__image\u0022\u003E\n                    \u003Cdiv class=\u0022avatar avatar--L\u0022\u003E\n                        \u003Ca href=\u0022https:\/\/community.tre.se\/members\/sadeq-ubi66-10733\u0022 class=\u0022qa-profilepicture\u0022\u003E\n                            \u003Cdiv class=\u0022profilepicture\u0022\u003E\n                                                                    \u003Cimg src=\u0022https:\/\/uploads-eu-west-1.insided.com\/three-se\/icon\/200x200\/2802ccdc-48ee-4c88-8b97-640adf653ae2.png\u0022 alt=\u0022Sadeq_ubi66\u0022\u003E\n                                                            \u003C\/div\u003E\n                                                    \u003C\/a\u003E\n                    \u003C\/div\u003E\n                \u003C\/div\u003E\n\n                \u003Cdiv class=\u0022user_data flag__body\u0022\u003E\n                    \u003Cdiv class=\u0022user_meta\u0022\u003E\n                                                                \u003Ca href=\u0022https:\/\/community.tre.se\/members\/sadeq-ubi66-10733\u0022 class=\u0022username link link--quiet qa-username\u0022 title=\u0022Sadeq_ubi66\u0022\u003E\n                    Sadeq_ubi66\n                \u003C\/a\u003E\n                \u003Cspan class=\u0022useraction\u0022\u003Ehar l\u00e4mnat ett svar\u003C\/span\u003E\n            \n        \n                        \u003Cspan class=\u0022text--meta\u0022\u003E\n                            \n\n\n\u003Ctime class=\u0022  qa-latest-post-time\u0022 datetime=\u00222021-01-04\u0022\u003E\n    f\u00f6r 5 \u00e5r sedan\n\u003C\/time\u003E\n\n                        \u003C\/span\u003E\n                    \u003C\/div\u003E\n\n                                \u003Ch4\u003E\n                \u003Ca class=\u0022link--header thread-list-block__title\u0022 href=\u0022https:\/\/community.tre.se\/questions\/8397\/replies\/15250\u0022\u003E\n                    Kan man byta telefonnummer p\u00e5 befintligt abonnemang?\n                \u003C\/a\u003E\n            \u003C\/h4\u003E\n             \u003Ca class=\u0022link link--underline\u0022 href=\u0022https:\/\/community.tre.se\/questions\/8397\/replies\/15250\u0022\u003E\n                 Visa svar\n             \u003C\/a\u003E\n        \n                \u003C\/div\u003E\n            \u003C\/div\u003E\n        \u003C\/div\u003E\n\n    \u003C\/div\u003E\n\n\n    \n        \n        \n    \n\n    \n\n    \n\n    \u003Cdiv class=\u0022table__row qa-activities-row\u0022\u003E\n\n        \u003Cdiv class=\u0022table__cell\u0022\u003E\n            \u003Cdiv class=\u0022user flag flag--top\u0022\u003E\n                \u003Cdiv class=\u0022flag__image\u0022\u003E\n                    \u003Cdiv class=\u0022avatar avatar--L\u0022\u003E\n                        \u003Ca href=\u0022https:\/\/community.tre.se\/members\/sadeq-ubi66-10733\u0022 class=\u0022qa-profilepicture\u0022\u003E\n                            \u003Cdiv class=\u0022profilepicture\u0022\u003E\n                                                                    \u003Cimg src=\u0022https:\/\/uploads-eu-west-1.insided.com\/three-se\/icon\/200x200\/2802ccdc-48ee-4c88-8b97-640adf653ae2.png\u0022 alt=\u0022Sadeq_ubi66\u0022\u003E\n                                                            \u003C\/div\u003E\n                                                    \u003C\/a\u003E\n                    \u003C\/div\u003E\n                \u003C\/div\u003E\n\n                \u003Cdiv class=\u0022user_data flag__body\u0022\u003E\n                    \u003Cdiv class=\u0022user_meta\u0022\u003E\n                                                                \u003Ca href=\u0022https:\/\/community.tre.se\/members\/sadeq-ubi66-10733\u0022 class=\u0022username link link--quiet qa-username\u0022 title=\u0022Sadeq_ubi66\u0022\u003E\n                    Sadeq_ubi66\n                \u003C\/a\u003E\n                \u003Cspan class=\u0022useraction\u0022\u003Ehar l\u00e4mnat ett svar\u003C\/span\u003E\n            \n        \n                        \u003Cspan class=\u0022text--meta\u0022\u003E\n                            \n\n\n\u003Ctime class=\u0022  qa-latest-post-time\u0022 datetime=\u00222020-08-18\u0022\u003E\n    f\u00f6r 5 \u00e5r sedan\n\u003C\/time\u003E\n\n                        \u003C\/span\u003E\n                    \u003C\/div\u003E\n\n                                \u003Ch4\u003E\n                \u003Ca class=\u0022link--header thread-list-block__title\u0022 href=\u0022https:\/\/community.tre.se\/questions\/8273\/replies\/14802\u0022\u003E\n                    5g i G\u00f6teborg\n                \u003C\/a\u003E\n            \u003C\/h4\u003E\n             \u003Ca class=\u0022link link--underline\u0022 href=\u0022https:\/\/community.tre.se\/questions\/8273\/replies\/14802\u0022\u003E\n                 Visa svar\n             \u003C\/a\u003E\n        \n                \u003C\/div\u003E\n            \u003C\/div\u003E\n        \u003C\/div\u003E\n\n    \u003C\/div\u003E\n\n\n    \n\n    \n\n    \n        \n        \n    \n\n    \u003Cdiv class=\u0022table__row qa-activities-row\u0022\u003E\n\n        \u003Cdiv class=\u0022table__cell\u0022\u003E\n            \u003Cdiv class=\u0022user flag flag--top\u0022\u003E\n                \u003Cdiv class=\u0022flag__image\u0022\u003E\n                    \u003Cdiv class=\u0022avatar avatar--L\u0022\u003E\n                        \u003Ca href=\u0022https:\/\/community.tre.se\/members\/sadeq-ubi66-10733\u0022 class=\u0022qa-profilepicture\u0022\u003E\n                            \u003Cdiv class=\u0022profilepicture\u0022\u003E\n                                                                    \u003Cimg src=\u0022https:\/\/uploads-eu-west-1.insided.com\/three-se\/icon\/200x200\/2802ccdc-48ee-4c88-8b97-640adf653ae2.png\u0022 alt=\u0022Sadeq_ubi66\u0022\u003E\n                                                            \u003C\/div\u003E\n                                                    \u003C\/a\u003E\n                    \u003C\/div\u003E\n                \u003C\/div\u003E\n\n                \u003Cdiv class=\u0022user_data flag__body\u0022\u003E\n                    \u003Cdiv class=\u0022user_meta\u0022\u003E\n                                                    \u003Ca href=\u0022https:\/\/community.tre.se\/members\/sadeq-ubi66-10733\u0022 class=\u0022username link link--quiet qa-username\u0022 title=\u0022Sadeq_ubi66\u0022\u003E\n                    Sadeq_ubi66\n                \u003C\/a\u003E\n                \u003Cspan class=\u0022useraction\u0022\u003Ehar svarat p\u00e5 f\u00f6ljande fr\u00e5ga:\u003C\/span\u003E\n                    \n                        \u003Cspan class=\u0022text--meta\u0022\u003E\n                            \n\n\n\u003Ctime class=\u0022  qa-latest-post-time\u0022 datetime=\u00222020-08-03\u0022\u003E\n    f\u00f6r 5 \u00e5r sedan\n\u003C\/time\u003E\n\n                        \u003C\/span\u003E\n                    \u003C\/div\u003E\n\n                                \u003Ch4\u003E\n                \u003Ca class=\u0022link--header thread-list-block__title\u0022 href=\u0022https:\/\/community.tre.se\/questions\/8256\u0022\u003E\n                    \u003Cspan title=\u0022Besvarat\u0022 class=\u0022icon icon--replace icon--round icon--checkmark text--success qa-icon-answered\u0022\u003EBesvarat\u003C\/span\u003E\n                    inget internet, nytt simkort\n                \u003C\/a\u003E\n            \u003C\/h4\u003E\n        \n                \u003C\/div\u003E\n            \u003C\/div\u003E\n        \u003C\/div\u003E\n\n    \u003C\/div\u003E\n\n\n    \n        \n        \n    \n\n    \n\n    \n\n    \u003Cdiv class=\u0022table__row qa-activities-row\u0022\u003E\n\n        \u003Cdiv class=\u0022table__cell\u0022\u003E\n            \u003Cdiv class=\u0022user flag flag--top\u0022\u003E\n                \u003Cdiv class=\u0022flag__image\u0022\u003E\n                    \u003Cdiv class=\u0022avatar avatar--L\u0022\u003E\n                        \u003Ca href=\u0022https:\/\/community.tre.se\/members\/sadeq-ubi66-10733\u0022 class=\u0022qa-profilepicture\u0022\u003E\n                            \u003Cdiv class=\u0022profilepicture\u0022\u003E\n                                                                    \u003Cimg src=\u0022https:\/\/uploads-eu-west-1.insided.com\/three-se\/icon\/200x200\/2802ccdc-48ee-4c88-8b97-640adf653ae2.png\u0022 alt=\u0022Sadeq_ubi66\u0022\u003E\n                                                            \u003C\/div\u003E\n                                                    \u003C\/a\u003E\n                    \u003C\/div\u003E\n                \u003C\/div\u003E\n\n                \u003Cdiv class=\u0022user_data flag__body\u0022\u003E\n                    \u003Cdiv class=\u0022user_meta\u0022\u003E\n                                                                \u003Ca href=\u0022https:\/\/community.tre.se\/members\/sadeq-ubi66-10733\u0022 class=\u0022username link link--quiet qa-username\u0022 title=\u0022Sadeq_ubi66\u0022\u003E\n                    Sadeq_ubi66\n                \u003C\/a\u003E\n                \u003Cspan class=\u0022useraction\u0022\u003Ehar l\u00e4mnat ett svar\u003C\/span\u003E\n            \n        \n                        \u003Cspan class=\u0022text--meta\u0022\u003E\n                            \n\n\n\u003Ctime class=\u0022  qa-latest-post-time\u0022 datetime=\u00222020-07-31\u0022\u003E\n    f\u00f6r 5 \u00e5r sedan\n\u003C\/time\u003E\n\n                        \u003C\/span\u003E\n                    \u003C\/div\u003E\n\n                                \u003Ch4\u003E\n                \u003Ca class=\u0022link--header thread-list-block__title\u0022 href=\u0022https:\/\/community.tre.se\/questions\/8256\/replies\/14760\u0022\u003E\n                    inget internet, nytt simkort\n                \u003C\/a\u003E\n            \u003C\/h4\u003E\n             \u003Ca class=\u0022link link--underline\u0022 href=\u0022https:\/\/community.tre.se\/questions\/8256\/replies\/14760\u0022\u003E\n                 Visa svar\n             \u003C\/a\u003E\n        \n                \u003C\/div\u003E\n            \u003C\/div\u003E\n        \u003C\/div\u003E\n\n    \u003C\/div\u003E\n\n\n    \n        \n        \n    \n\n    \n\n    \n\n    \u003Cdiv class=\u0022table__row qa-activities-row\u0022\u003E\n\n        \u003Cdiv class=\u0022table__cell\u0022\u003E\n            \u003Cdiv class=\u0022user flag flag--top\u0022\u003E\n                \u003Cdiv class=\u0022flag__image\u0022\u003E\n                    \u003Cdiv class=\u0022avatar avatar--L\u0022\u003E\n                        \u003Ca href=\u0022https:\/\/community.tre.se\/members\/sadeq-ubi66-10733\u0022 class=\u0022qa-profilepicture\u0022\u003E\n                            \u003Cdiv class=\u0022profilepicture\u0022\u003E\n                                                                    \u003Cimg src=\u0022https:\/\/uploads-eu-west-1.insided.com\/three-se\/icon\/200x200\/2802ccdc-48ee-4c88-8b97-640adf653ae2.png\u0022 alt=\u0022Sadeq_ubi66\u0022\u003E\n                                                            \u003C\/div\u003E\n                                                    \u003C\/a\u003E\n                    \u003C\/div\u003E\n                \u003C\/div\u003E\n\n                \u003Cdiv class=\u0022user_data flag__body\u0022\u003E\n                    \u003Cdiv class=\u0022user_meta\u0022\u003E\n                                                                \u003Ca href=\u0022https:\/\/community.tre.se\/members\/sadeq-ubi66-10733\u0022 class=\u0022username link link--quiet qa-username\u0022 title=\u0022Sadeq_ubi66\u0022\u003E\n                    Sadeq_ubi66\n                \u003C\/a\u003E\n                \u003Cspan class=\u0022useraction\u0022\u003Ehar l\u00e4mnat ett svar\u003C\/span\u003E\n            \n        \n                        \u003Cspan class=\u0022text--meta\u0022\u003E\n                            \n\n\n\u003Ctime class=\u0022  qa-latest-post-time\u0022 datetime=\u00222020-07-04\u0022\u003E\n    f\u00f6r 5 \u00e5r sedan\n\u003C\/time\u003E\n\n                        \u003C\/span\u003E\n                    \u003C\/div\u003E\n\n                                \u003Ch4\u003E\n                \u003Ca class=\u0022link--header thread-list-block__title\u0022 href=\u0022https:\/\/community.tre.se\/questions\/8238\/replies\/14695\u0022\u003E\n                    iPhone 11 folk h\u00f6r mig inte n\u00e4r jag pratar \/ d\u00e5lig mottagning\n                \u003C\/a\u003E\n            \u003C\/h4\u003E\n             \u003Ca class=\u0022link link--underline\u0022 href=\u0022https:\/\/community.tre.se\/questions\/8238\/replies\/14695\u0022\u003E\n                 Visa svar\n             \u003C\/a\u003E\n        \n                \u003C\/div\u003E\n            \u003C\/div\u003E\n        \u003C\/div\u003E\n\n    \u003C\/div\u003E\n\n\n    \n        \n        \n    \n\n    \n\n    \n\n    \u003Cdiv class=\u0022table__row qa-activities-row\u0022\u003E\n\n        \u003Cdiv class=\u0022table__cell\u0022\u003E\n            \u003Cdiv class=\u0022user flag flag--top\u0022\u003E\n                \u003Cdiv class=\u0022flag__image\u0022\u003E\n                    \u003Cdiv class=\u0022avatar avatar--L\u0022\u003E\n                        \u003Ca href=\u0022https:\/\/community.tre.se\/members\/sadeq-ubi66-10733\u0022 class=\u0022qa-profilepicture\u0022\u003E\n                            \u003Cdiv class=\u0022profilepicture\u0022\u003E\n                                                                    \u003Cimg src=\u0022https:\/\/uploads-eu-west-1.insided.com\/three-se\/icon\/200x200\/2802ccdc-48ee-4c88-8b97-640adf653ae2.png\u0022 alt=\u0022Sadeq_ubi66\u0022\u003E\n                                                            \u003C\/div\u003E\n                                                    \u003C\/a\u003E\n                    \u003C\/div\u003E\n                \u003C\/div\u003E\n\n                \u003Cdiv class=\u0022user_data flag__body\u0022\u003E\n                    \u003Cdiv class=\u0022user_meta\u0022\u003E\n                                                                \u003Ca href=\u0022https:\/\/community.tre.se\/members\/sadeq-ubi66-10733\u0022 class=\u0022username link link--quiet qa-username\u0022 title=\u0022Sadeq_ubi66\u0022\u003E\n                    Sadeq_ubi66\n                \u003C\/a\u003E\n                \u003Cspan class=\u0022useraction\u0022\u003Ehar l\u00e4mnat ett svar\u003C\/span\u003E\n            \n        \n                        \u003Cspan class=\u0022text--meta\u0022\u003E\n                            \n\n\n\u003Ctime class=\u0022  qa-latest-post-time\u0022 datetime=\u00222020-07-04\u0022\u003E\n    f\u00f6r 5 \u00e5r sedan\n\u003C\/time\u003E\n\n                        \u003C\/span\u003E\n                    \u003C\/div\u003E\n\n                                \u003Ch4\u003E\n                \u003Ca class=\u0022link--header thread-list-block__title\u0022 href=\u0022https:\/\/community.tre.se\/questions\/8238\/replies\/14693\u0022\u003E\n                    iPhone 11 folk h\u00f6r mig inte n\u00e4r jag pratar \/ d\u00e5lig mottagning\n                \u003C\/a\u003E\n            \u003C\/h4\u003E\n             \u003Ca class=\u0022link link--underline\u0022 href=\u0022https:\/\/community.tre.se\/questions\/8238\/replies\/14693\u0022\u003E\n                 Visa svar\n             \u003C\/a\u003E\n        \n                \u003C\/div\u003E\n            \u003C\/div\u003E\n        \u003C\/div\u003E\n\n    \u003C\/div\u003E\n\n\n    \n        \n        \n    \n\n    \n\n    \n\n    \u003Cdiv class=\u0022table__row qa-activities-row\u0022\u003E\n\n        \u003Cdiv class=\u0022table__cell\u0022\u003E\n            \u003Cdiv class=\u0022user flag flag--top\u0022\u003E\n                \u003Cdiv class=\u0022flag__image\u0022\u003E\n                    \u003Cdiv class=\u0022avatar avatar--L\u0022\u003E\n                        \u003Ca href=\u0022https:\/\/community.tre.se\/members\/sadeq-ubi66-10733\u0022 class=\u0022qa-profilepicture\u0022\u003E\n                            \u003Cdiv class=\u0022profilepicture\u0022\u003E\n                                                                    \u003Cimg src=\u0022https:\/\/uploads-eu-west-1.insided.com\/three-se\/icon\/200x200\/2802ccdc-48ee-4c88-8b97-640adf653ae2.png\u0022 alt=\u0022Sadeq_ubi66\u0022\u003E\n                                                            \u003C\/div\u003E\n                                                    \u003C\/a\u003E\n                    \u003C\/div\u003E\n                \u003C\/div\u003E\n\n                \u003Cdiv class=\u0022user_data flag__body\u0022\u003E\n                    \u003Cdiv class=\u0022user_meta\u0022\u003E\n                                                                \u003Ca href=\u0022https:\/\/community.tre.se\/members\/sadeq-ubi66-10733\u0022 class=\u0022username link link--quiet qa-username\u0022 title=\u0022Sadeq_ubi66\u0022\u003E\n                    Sadeq_ubi66\n                \u003C\/a\u003E\n                \u003Cspan class=\u0022useraction\u0022\u003Ehar l\u00e4mnat ett svar\u003C\/span\u003E\n            \n        \n                        \u003Cspan class=\u0022text--meta\u0022\u003E\n                            \n\n\n\u003Ctime class=\u0022  qa-latest-post-time\u0022 datetime=\u00222020-06-06\u0022\u003E\n    f\u00f6r 5 \u00e5r sedan\n\u003C\/time\u003E\n\n                        \u003C\/span\u003E\n                    \u003C\/div\u003E\n\n                                \u003Ch4\u003E\n                \u003Ca class=\u0022link--header thread-list-block__title\u0022 href=\u0022https:\/\/community.tre.se\/questions\/8220\/replies\/14607\u0022\u003E\n                    Dela surf familjeabonnemang\n                \u003C\/a\u003E\n            \u003C\/h4\u003E\n             \u003Ca class=\u0022link link--underline\u0022 href=\u0022https:\/\/community.tre.se\/questions\/8220\/replies\/14607\u0022\u003E\n                 Visa svar\n             \u003C\/a\u003E\n        \n                \u003C\/div\u003E\n            \u003C\/div\u003E\n        \u003C\/div\u003E\n\n    \u003C\/div\u003E\n\n\n    \n        \n        \n    \n\n    \n\n    \n\n    \u003Cdiv class=\u0022table__row qa-activities-row\u0022\u003E\n\n        \u003Cdiv class=\u0022table__cell\u0022\u003E\n            \u003Cdiv class=\u0022user flag flag--top\u0022\u003E\n                \u003Cdiv class=\u0022flag__image\u0022\u003E\n                    \u003Cdiv class=\u0022avatar avatar--L\u0022\u003E\n                        \u003Ca href=\u0022https:\/\/community.tre.se\/members\/sadeq-ubi66-10733\u0022 class=\u0022qa-profilepicture\u0022\u003E\n                            \u003Cdiv class=\u0022profilepicture\u0022\u003E\n                                                                    \u003Cimg src=\u0022https:\/\/uploads-eu-west-1.insided.com\/three-se\/icon\/200x200\/2802ccdc-48ee-4c88-8b97-640adf653ae2.png\u0022 alt=\u0022Sadeq_ubi66\u0022\u003E\n                                                            \u003C\/div\u003E\n                                                    \u003C\/a\u003E\n                    \u003C\/div\u003E\n                \u003C\/div\u003E\n\n                \u003Cdiv class=\u0022user_data flag__body\u0022\u003E\n                    \u003Cdiv class=\u0022user_meta\u0022\u003E\n                                                                \u003Ca href=\u0022https:\/\/community.tre.se\/members\/sadeq-ubi66-10733\u0022 class=\u0022username link link--quiet qa-username\u0022 title=\u0022Sadeq_ubi66\u0022\u003E\n                    Sadeq_ubi66\n                \u003C\/a\u003E\n                \u003Cspan class=\u0022useraction\u0022\u003Ehar l\u00e4mnat ett svar\u003C\/span\u003E\n            \n        \n                        \u003Cspan class=\u0022text--meta\u0022\u003E\n                            \n\n\n\u003Ctime class=\u0022  qa-latest-post-time\u0022 datetime=\u00222020-06-06\u0022\u003E\n    f\u00f6r 5 \u00e5r sedan\n\u003C\/time\u003E\n\n                        \u003C\/span\u003E\n                    \u003C\/div\u003E\n\n                                \u003Ch4\u003E\n                \u003Ca class=\u0022link--header thread-list-block__title\u0022 href=\u0022https:\/\/community.tre.se\/questions\/8220\/replies\/14602\u0022\u003E\n                    Dela surf familjeabonnemang\n                \u003C\/a\u003E\n            \u003C\/h4\u003E\n             \u003Ca class=\u0022link link--underline\u0022 href=\u0022https:\/\/community.tre.se\/questions\/8220\/replies\/14602\u0022\u003E\n                 Visa svar\n             \u003C\/a\u003E\n        \n                \u003C\/div\u003E\n            \u003C\/div\u003E\n        \u003C\/div\u003E\n\n    \u003C\/div\u003E\n\n\n"}